{"id":950,"date":"2020-11-23T18:44:47","date_gmt":"2020-11-23T17:44:47","guid":{"rendered":"http:\/\/www.quentelo.fr\/quentelo\/?p=950"},"modified":"2020-11-23T21:18:37","modified_gmt":"2020-11-23T20:18:37","slug":"vitrine-galerie-claude-quentelo-un-jour-une-oeuvre-un-livre-soutenons-nos-librairies","status":"publish","type":"post","link":"https:\/\/www.quentelo.fr\/quentelo\/2020\/11\/23\/vitrine-galerie-claude-quentelo-un-jour-une-oeuvre-un-livre-soutenons-nos-librairies\/","title":{"rendered":"Vitrine Galerie Claude Quentelo \u00e0 Saint-Maur des Foss\u00e9s :                                                  Un jour &#8211; Une oeuvre &#8211; Un livre soutenons nos librairies."},"content":{"rendered":"\n<p><\/p>\n\n\n\n<figure class=\"wp-block-gallery columns-1 is-cropped wp-block-gallery-1 is-layout-flex wp-block-gallery-is-layout-flex\"><ul class=\"blocks-gallery-grid\"><li class=\"blocks-gallery-item\"><figure><img loading=\"lazy\" decoding=\"async\" width=\"594\" height=\"542\" src=\"http:\/\/www.quentelo.fr\/quentelo\/wp-content\/uploads\/2020\/11\/quentelo-un-jour-un-livre-une-oeuvre-23112020.jpg\" alt=\"\" data-id=\"964\" data-full-url=\"http:\/\/www.quentelo.fr\/quentelo\/wp-content\/uploads\/2020\/11\/quentelo-un-jour-un-livre-une-oeuvre-23112020.jpg\" data-link=\"http:\/\/www.quentelo.fr\/quentelo\/quentelo-un-jour-un-livre-une-oeuvre-23112020\/\" class=\"wp-image-964\" srcset=\"https:\/\/www.quentelo.fr\/quentelo\/wp-content\/uploads\/2020\/11\/quentelo-un-jour-un-livre-une-oeuvre-23112020.jpg 594w, https:\/\/www.quentelo.fr\/quentelo\/wp-content\/uploads\/2020\/11\/quentelo-un-jour-un-livre-une-oeuvre-23112020-300x274.jpg 300w\" sizes=\"auto, (max-width: 594px) 100vw, 594px\" \/><\/figure><\/li><\/ul><\/figure>\n\n\n\n<figure class=\"wp-block-gallery columns-2 is-cropped wp-block-gallery-2 is-layout-flex wp-block-gallery-is-layout-flex\"><ul class=\"blocks-gallery-grid\"><li class=\"blocks-gallery-item\"><figure><img decoding=\"async\" src=\"http:\/\/www.quentelo.fr\/quentelo\/wp-content\/uploads\/2020\/11\/6-QUENTELO-LE-SITE-DE-LA-VITRINE-GALERIE-SUR-MARNE-1024x768.jpg\" alt=\"\" data-id=\"952\" data-full-url=\"http:\/\/www.quentelo.fr\/quentelo\/wp-content\/uploads\/2020\/11\/6-QUENTELO-LE-SITE-DE-LA-VITRINE-GALERIE-SUR-MARNE.jpg\" data-link=\"http:\/\/www.quentelo.fr\/quentelo\/6-quentelo-le-site-de-la-vitrine-galerie-sur-marne\/\" class=\"wp-image-952\"\/><\/figure><\/li><li class=\"blocks-gallery-item\"><figure><img decoding=\"async\" src=\"http:\/\/www.quentelo.fr\/quentelo\/wp-content\/uploads\/2020\/11\/5-QUENTELO-accrochage-du-12112020-oeuvre-de-Claude-Quentelo--1024x768.jpg\" alt=\"\" data-id=\"953\" data-full-url=\"http:\/\/www.quentelo.fr\/quentelo\/wp-content\/uploads\/2020\/11\/5-QUENTELO-accrochage-du-12112020-oeuvre-de-Claude-Quentelo--scaled.jpg\" data-link=\"http:\/\/www.quentelo.fr\/quentelo\/5-quentelo-accrochage-du-12112020-oeuvre-de-claude-quentelo\/\" class=\"wp-image-953\"\/><\/figure><\/li><\/ul><\/figure>\n\n\n\n<figure class=\"wp-block-gallery columns-1 is-cropped wp-block-gallery-3 is-layout-flex wp-block-gallery-is-layout-flex\"><ul class=\"blocks-gallery-grid\"><li class=\"blocks-gallery-item\"><figure><img decoding=\"async\" src=\"http:\/\/www.quentelo.fr\/quentelo\/wp-content\/uploads\/2020\/11\/CLAUDE-QUENTELO-FRAGMENTS-BUILDING-4-ETSY-15112020-768x1024.jpg\" alt=\"\" data-id=\"956\" data-full-url=\"http:\/\/www.quentelo.fr\/quentelo\/wp-content\/uploads\/2020\/11\/CLAUDE-QUENTELO-FRAGMENTS-BUILDING-4-ETSY-15112020-scaled.jpg\" data-link=\"http:\/\/www.quentelo.fr\/quentelo\/claude-quentelo-fragments-building-4-etsy-15112020\/\" class=\"wp-image-956\"\/><\/figure><\/li><\/ul><\/figure>\n\n\n\n<p><a lambdaeverupdated=\"48\" href=\"https:\/\/www.etsy.com\/shop\/QUENTELO\">https:\/\/www.etsy.com\/shop\/QUENTELO<\/a><\/p>\n\n\n\n<p>Fragments building 4 &#8211; Sur papier ac\u00e9tate. Format : 0.34 x 0.48 m. Cadre Ch\u00eane.<\/p>\n\n\n\n<p>Encre et pigment bleu trac\u00e9s \u00e0 la corde violon.<\/p>\n","protected":false},"excerpt":{"rendered":"<p>https:\/\/www.etsy.com\/shop\/QUENTELO Fragments building 4 &#8211; Sur papier ac\u00e9tate. Format : 0.34 x 0.48 m. Cadre Ch\u00eane. Encre et pigment bleu trac\u00e9s \u00e0 la corde violon.<\/p>\n","protected":false},"author":2,"featured_media":0,"comment_status":"closed","ping_status":"closed","sticky":false,"template":"","format":"standard","meta":{"footnotes":""},"categories":[1],"tags":[],"class_list":["post-950","post","type-post","status-publish","format-standard","hentry","category-non-classe"],"_links":{"self":[{"href":"https:\/\/www.quentelo.fr\/quentelo\/wp-json\/wp\/v2\/posts\/950","targetHints":{"allow":["GET"]}}],"collection":[{"href":"https:\/\/www.quentelo.fr\/quentelo\/wp-json\/wp\/v2\/posts"}],"about":[{"href":"https:\/\/www.quentelo.fr\/quentelo\/wp-json\/wp\/v2\/types\/post"}],"author":[{"embeddable":true,"href":"https:\/\/www.quentelo.fr\/quentelo\/wp-json\/wp\/v2\/users\/2"}],"replies":[{"embeddable":true,"href":"https:\/\/www.quentelo.fr\/quentelo\/wp-json\/wp\/v2\/comments?post=950"}],"version-history":[{"count":10,"href":"https:\/\/www.quentelo.fr\/quentelo\/wp-json\/wp\/v2\/posts\/950\/revisions"}],"predecessor-version":[{"id":967,"href":"https:\/\/www.quentelo.fr\/quentelo\/wp-json\/wp\/v2\/posts\/950\/revisions\/967"}],"wp:attachment":[{"href":"https:\/\/www.quentelo.fr\/quentelo\/wp-json\/wp\/v2\/media?parent=950"}],"wp:term":[{"taxonomy":"category","embeddable":true,"href":"https:\/\/www.quentelo.fr\/quentelo\/wp-json\/wp\/v2\/categories?post=950"},{"taxonomy":"post_tag","embeddable":true,"href":"https:\/\/www.quentelo.fr\/quentelo\/wp-json\/wp\/v2\/tags?post=950"}],"curies":[{"name":"wp","href":"https:\/\/api.w.org\/{rel}","templated":true}]}}