{"id":1214,"date":"2024-09-10T14:48:14","date_gmt":"2024-09-10T12:48:14","guid":{"rendered":"http:\/\/www.quentelo.fr\/quentelo\/?p=1214"},"modified":"2024-10-14T16:14:58","modified_gmt":"2024-10-14T14:14:58","slug":"2-livres-dart-retrospectives-sculptures-et-peintures-de-1994-a-2024-claude-quentelo","status":"publish","type":"post","link":"https:\/\/www.quentelo.fr\/quentelo\/2024\/09\/10\/2-livres-dart-retrospectives-sculptures-et-peintures-de-1994-a-2024-claude-quentelo\/","title":{"rendered":"2 Livres d&rsquo;art r\u00e9trospectives : Sculptures et Peintures de 1994 \u00e0 2024. Claude Quentelo"},"content":{"rendered":"\n<figure class=\"wp-block-image size-large\"><img loading=\"lazy\" decoding=\"async\" width=\"1024\" height=\"724\" src=\"http:\/\/www.quentelo.fr\/quentelo\/wp-content\/uploads\/2024\/09\/QUENTELO-FB-LIVRES-2-ITAL-1024x724.jpg\" alt=\"\" class=\"wp-image-1215\" srcset=\"https:\/\/www.quentelo.fr\/quentelo\/wp-content\/uploads\/2024\/09\/QUENTELO-FB-LIVRES-2-ITAL-1024x724.jpg 1024w, https:\/\/www.quentelo.fr\/quentelo\/wp-content\/uploads\/2024\/09\/QUENTELO-FB-LIVRES-2-ITAL-300x212.jpg 300w, https:\/\/www.quentelo.fr\/quentelo\/wp-content\/uploads\/2024\/09\/QUENTELO-FB-LIVRES-2-ITAL-768x543.jpg 768w, https:\/\/www.quentelo.fr\/quentelo\/wp-content\/uploads\/2024\/09\/QUENTELO-FB-LIVRES-2-ITAL-1536x1086.jpg 1536w, https:\/\/www.quentelo.fr\/quentelo\/wp-content\/uploads\/2024\/09\/QUENTELO-FB-LIVRES-2-ITAL-2048x1448.jpg 2048w\" sizes=\"auto, (max-width: 1024px) 100vw, 1024px\" \/><\/figure>\n\n\n\n<figure class=\"wp-block-image size-large\"><img loading=\"lazy\" decoding=\"async\" width=\"1024\" height=\"768\" src=\"http:\/\/www.quentelo.fr\/quentelo\/wp-content\/uploads\/2024\/09\/QUENTELO-LIVRE-N\u00b0-1-2-3-1024x768.jpg\" alt=\"\" class=\"wp-image-1216\" srcset=\"https:\/\/www.quentelo.fr\/quentelo\/wp-content\/uploads\/2024\/09\/QUENTELO-LIVRE-N\u00b0-1-2-3-1024x768.jpg 1024w, https:\/\/www.quentelo.fr\/quentelo\/wp-content\/uploads\/2024\/09\/QUENTELO-LIVRE-N\u00b0-1-2-3-300x225.jpg 300w, https:\/\/www.quentelo.fr\/quentelo\/wp-content\/uploads\/2024\/09\/QUENTELO-LIVRE-N\u00b0-1-2-3-768x576.jpg 768w, https:\/\/www.quentelo.fr\/quentelo\/wp-content\/uploads\/2024\/09\/QUENTELO-LIVRE-N\u00b0-1-2-3-1536x1152.jpg 1536w, https:\/\/www.quentelo.fr\/quentelo\/wp-content\/uploads\/2024\/09\/QUENTELO-LIVRE-N\u00b0-1-2-3-2048x1536.jpg 2048w\" sizes=\"auto, (max-width: 1024px) 100vw, 1024px\" \/><\/figure>\n\n\n\n<figure class=\"wp-block-image size-large\"><img loading=\"lazy\" decoding=\"async\" width=\"1024\" height=\"768\" src=\"http:\/\/www.quentelo.fr\/quentelo\/wp-content\/uploads\/2024\/09\/QUENTELO-LIVRE-N\u00b04-1024x768.jpg\" alt=\"\" class=\"wp-image-1217\" srcset=\"https:\/\/www.quentelo.fr\/quentelo\/wp-content\/uploads\/2024\/09\/QUENTELO-LIVRE-N\u00b04-1024x768.jpg 1024w, https:\/\/www.quentelo.fr\/quentelo\/wp-content\/uploads\/2024\/09\/QUENTELO-LIVRE-N\u00b04-300x225.jpg 300w, https:\/\/www.quentelo.fr\/quentelo\/wp-content\/uploads\/2024\/09\/QUENTELO-LIVRE-N\u00b04-768x576.jpg 768w, https:\/\/www.quentelo.fr\/quentelo\/wp-content\/uploads\/2024\/09\/QUENTELO-LIVRE-N\u00b04-1536x1152.jpg 1536w, https:\/\/www.quentelo.fr\/quentelo\/wp-content\/uploads\/2024\/09\/QUENTELO-LIVRE-N\u00b04-2048x1536.jpg 2048w\" sizes=\"auto, (max-width: 1024px) 100vw, 1024px\" \/><\/figure>\n\n\n\n<figure class=\"wp-block-image size-full\"><img loading=\"lazy\" decoding=\"async\" width=\"284\" height=\"281\" src=\"http:\/\/www.quentelo.fr\/quentelo\/wp-content\/uploads\/2024\/09\/LOGO-ETSY-A.jpg\" alt=\"\" class=\"wp-image-1218\"\/><\/figure>\n\n\n\n<p><\/p>\n\n\n\n<p>&#8211; Carnet n\u00b0 1-2-3 : R\u00e9trospectives des cr\u00e9ations bronzes et peintures \u00e0 l&rsquo;huile \u00e0 partir de 1994 et des encres de Chine trac\u00e9es \u00e0 la corde de violon, depuis 2013, ann\u00e9e de mon invention pour cette technique, jusqu&rsquo;\u00e0 2017. Sont r\u00e9pertori\u00e9es 183 oeuvres. 121 pages. Format : 0.27&#215;0.30 m.<\/p>\n\n\n\n<p>Texte bilingue fran\u00e7ais anglais.<\/p>\n\n\n\n<p>&#8211; Carnet n\u00b0 4 : R\u00e9trospectives des cr\u00e9ations en bronzes et encres de Chine trac\u00e9es \u00e0 la corde de violon, de 2018 \u00e0 2024. Sont r\u00e9pertori\u00e9es 160 oeuvres. 100 pages. Format : 0.27&#215;0.30 m.<\/p>\n\n\n\n<p> Texte bilingue fran\u00e7ais anglais.<\/p>\n\n\n\n<p>En vente sur Etsy\u00a0: 58 \u20ac frais de port compris France et International.<\/p>\n\n\n\n<p>Ces deux livres sont vendus ensemble, achat ferme et d\u00e9finitif sans retour.<\/p>\n\n\n\n<p>&#8211; Notebook n\u00b0 1-2-3: Retrospectives of bronze creations and oil paintings from 1994 and China inks traced with violin strings, from 2013, the year of my invention for this technique, to 2017. There are 183 works listed. 121 pages. Size: 0.27&#215;0.30 m. French-English text.<\/p>\n\n\n\n<p>&#8211; Notebook n\u00b0 4: Retrospectives of creations in bronze and China inks traced with violin string, from 2018 to 2024. There are 160 works listed.100 pages. Size : 0.27&#215;0.30 m. French-English text.<\/p>\n\n\n\n<p>For sale on Etsy: \u20ac38 including shipping in France and international.<\/p>\n\n\n\n<p>These two books are sold together, a firm and definitive purchase with no return.<\/p>\n\n\n\n<p><a href=\"https:\/\/www.etsy.com\/listing\/1791616333\/2-livres-dart-retrospectives-sculptures?etsrc=sdt&amp;fbclid=IwY2xjawFMwPtleHRuA2FlbQIxMAABHQ3VrPwD5aR2T3cW8Nz8xt_mWadQlHE2xgMWOYRFGyFU11gsYu8uJVXkHQ_aem_IZsjd2zlrw2VRCqhBNyHMw\">https:\/\/www.etsy.com\/listing\/1791616333\/2-livres-dart-retrospectives-sculptures?etsrc=sdt&amp;fbclid=IwY2xjawFMwPtleHRuA2FlbQIxMAABHQ3VrPwD5aR2T3cW8Nz8xt_mWadQlHE2xgMWOYRFGyFU11gsYu8uJVXkHQ_aem_IZsjd2zlrw2VRCqhBNyHMw<\/a><\/p>\n\n\n\n<p><\/p>\n\n\n\n<p><\/p>\n\n\n\n<p><\/p>\n\n\n\n<p><\/p>\n","protected":false},"excerpt":{"rendered":"<p>&#8211; Carnet n\u00b0 1-2-3 : R\u00e9trospectives des cr\u00e9ations bronzes et peintures \u00e0 l&rsquo;huile \u00e0 partir de 1994 et des encres de Chine trac\u00e9es \u00e0 la corde de violon, depuis 2013, ann\u00e9e de mon invention pour cette technique, jusqu&rsquo;\u00e0 2017. Sont &hellip; <a href=\"https:\/\/www.quentelo.fr\/quentelo\/2024\/09\/10\/2-livres-dart-retrospectives-sculptures-et-peintures-de-1994-a-2024-claude-quentelo\/\">Continuer la lecture <span class=\"meta-nav\">&rarr;<\/span><\/a><\/p>\n","protected":false},"author":2,"featured_media":0,"comment_status":"open","ping_status":"open","sticky":false,"template":"","format":"standard","meta":{"footnotes":""},"categories":[1],"tags":[],"class_list":["post-1214","post","type-post","status-publish","format-standard","hentry","category-non-classe"],"_links":{"self":[{"href":"https:\/\/www.quentelo.fr\/quentelo\/wp-json\/wp\/v2\/posts\/1214","targetHints":{"allow":["GET"]}}],"collection":[{"href":"https:\/\/www.quentelo.fr\/quentelo\/wp-json\/wp\/v2\/posts"}],"about":[{"href":"https:\/\/www.quentelo.fr\/quentelo\/wp-json\/wp\/v2\/types\/post"}],"author":[{"embeddable":true,"href":"https:\/\/www.quentelo.fr\/quentelo\/wp-json\/wp\/v2\/users\/2"}],"replies":[{"embeddable":true,"href":"https:\/\/www.quentelo.fr\/quentelo\/wp-json\/wp\/v2\/comments?post=1214"}],"version-history":[{"count":4,"href":"https:\/\/www.quentelo.fr\/quentelo\/wp-json\/wp\/v2\/posts\/1214\/revisions"}],"predecessor-version":[{"id":1243,"href":"https:\/\/www.quentelo.fr\/quentelo\/wp-json\/wp\/v2\/posts\/1214\/revisions\/1243"}],"wp:attachment":[{"href":"https:\/\/www.quentelo.fr\/quentelo\/wp-json\/wp\/v2\/media?parent=1214"}],"wp:term":[{"taxonomy":"category","embeddable":true,"href":"https:\/\/www.quentelo.fr\/quentelo\/wp-json\/wp\/v2\/categories?post=1214"},{"taxonomy":"post_tag","embeddable":true,"href":"https:\/\/www.quentelo.fr\/quentelo\/wp-json\/wp\/v2\/tags?post=1214"}],"curies":[{"name":"wp","href":"https:\/\/api.w.org\/{rel}","templated":true}]}}